{"id":228733,"date":"2014-04-23T18:33:18","date_gmt":"2014-04-23T18:33:18","guid":{"rendered":"https:\/\/www.tiendabernad.com\/legal-notice-2\/"},"modified":"2014-04-23T18:33:18","modified_gmt":"2014-04-23T18:33:18","slug":"legal-notice-2","status":"publish","type":"post","link":"https:\/\/www.tiendabernad.com\/en\/legal-notice-2\/","title":{"rendered":"Legal Notice"},"content":{"rendered":"<h2>LEGAL NOTICE<\/h2>\n<\/p>\n<p><span id=\"result_box\" lang=\"en\" xml:lang=\"en\"><span title=\"En el presente Aviso Legal, el Usuario, podr\u00e1 encontrar toda la informaci\u00f3n relativa a las condiciones legales que definen las relaciones entre los usuarios y el responsable de la p\u00e1gina web accesible en la direcci\u00f3n URL: https:\/\/www.tiendabernad.com (en\">In this Legal Notice, the User can find all the information related to the legal conditions that define the relationships between the users and the person in charge of the web page accessible at the URL: https:\/\/www.tiendabernad.com (en <\/span><span title=\"adelante, el sitio web), que JOS\u00c9 BERNAD SL pone a disposici\u00f3n de los usuarios de Internet.\">forward, the website), which JOS\u00c9 BERNAD SL makes available to Internet users.<\/p>\n<p><\/span><span title=\"La utilizaci\u00f3n del sitio web implica la aceptaci\u00f3n plena y sin reservas de todas y cada una de las disposiciones incluidas en este Aviso Legal.\">The use of the website implies full and unreserved acceptance of each and every one of the provisions included in this Legal Notice. <\/span><span title=\"En consecuencia, el usuario del sitio web debe leer atentamente el presente Aviso Legal en cada una de las ocasiones en que se proponga utilizar la web, ya que el texto podr\u00eda sufrir modificaciones a criterio del titular de la web, oa causa de un cambio legislativo\">Consequently, the user of the website must carefully read this Legal Notice in each of the occasions in which it intends to use the website, since the text could be modified at the discretion of the owner of the website, or because of a legislative change <\/span><span title=\", jurisprudencial o en la pr\u00e1ctica empresarial.\">, jurisprudential or in business practice.<\/p>\n<p><\/span><span title=\"1.- DATOS DEL RESPONSABLE TITULAR DEL SITIO WEB.\"><strong>1.- DATA OF THE RESPONSIBLE HOLDER OF THE WEBSITE.<\/strong><\/p>\n<p><\/span><span title=\"Nombre del titular: JOS\u00c9 BERNAD SL\">Name of the owner: JOS\u00c9 BERNAD SL<\/p>\n<p><\/span><span title=\"Domicilio social: P.E.\">Registered office: P.E. <\/span><span title=\"Campollano, avenida Adeca, 17. 02007 Albacete\">Campollano, avenue Adeca, 17. 02007 Albacete<\/p>\n<p><\/span><span title=\"C.I.F.: B02052058\">C.I.F .: B02052058<\/p>\n<p><\/span><span title=\"Tel\u00e9fono de contacto: 967219649\">Telephone number: 967219649<\/p>\n<p><\/span><span title=\"Correo electr\u00f3nico: info@tiendabernad.com  \u00a0\">Email: info@tiendabernad.com<\/p>\n<p>\u00a0<\/p>\n<p><\/span><span title=\"Datos registrales: Inscrita en el Registro Mercantil de Albacete;\">Registration data: Registered in the Mercantile Registry of Albacete; <\/span><span title=\"Tomo 153;\">Volume 153; <\/span><span title=\"Libro 37;\">Book 37; <\/span><span title=\"Folio 28;\">Folio 28; <\/span><span title=\"Secci\u00f3n 2\u00aa;\">Section 2; <\/span><span title=\"Hoja 877.;\">Sheet 877 .; <\/span><span title=\"Inscripci\u00f3n 1\u00aa.  \u00a0\">1st registration.<\/p>\n<p>\u00a0<\/p>\n<p><\/span><span title=\"JOS\u00c9 BERNAD SL, es el responsable del Sitio Web y se compromete a cumplir con todos\">JOS\u00c9 BERNAD SL, is responsible for the Website and is committed to comply with all<\/p>\n<p><\/span><span title=\"los requisitos nacionales y europeos que regulan el uso de los datos personales de los  \u00a0\">the national and European requirements that regulate the use of personal data of the<\/p>\n<p>\u00a0<\/p>\n<p><\/span><span title=\"Este Sitio Web garantiza la protecci\u00f3n y confidencialidad de los datos personales que nos proporcionen de acuerdo con lo dispuesto en el Reglamento General de Protecci\u00f3n de Datos de Car\u00e1cter Personal (UE) 2016\/679 del Parlamento Europeo y del Consejo, de 27 de abril de 2016\">This Website guarantees the protection and confidentiality of personal data provided to us in accordance with the provisions of the General Regulation for the Protection of Personal Data (EU) 2016\/679 of the European Parliament and of the Council, of April 27, 2016 <\/span><span title=\"y la Ley de Servicios de la Sociedad de la Informaci\u00f3n y Comercio Electr\u00f3nico 34\/2002 de 11 de Julio (LSSI-CE)\">and the Law of Services of the Information Society and Electronic Commerce 34\/2002 of July 11 (LSSI-CE)<\/p>\n<p><\/span><span title=\"2.- OBJETO.\"><strong>2.- OBJECT.<\/strong><\/p>\n<p><\/span><span title=\"El Sitio Web facilita a los usuarios del mismo el acceso a informaci\u00f3n y servicios prestados por JOS\u00c9 BERNAD SL a aquellas personas u organizaciones interesadas en los mismos.  \u00a0\">The Website provides users of the same access to information and services provided by JOS\u00c9 BERNAD SL to those people or organizations interested in them.<\/p>\n<p>\u00a0<\/p>\n<p><\/span><span title=\"El acceso y la utilizaci\u00f3n del Sitio Web atribuye la condici\u00f3n de usuario del Sitio Web (en adelante, el \u201cUsuario\u201d) e implica la aceptaci\u00f3n de todas las condiciones incluidas en este Aviso Legal as\u00ed como de sus modificaciones.\">The access and use of the Website attributes the condition of user of the Website (hereinafter, the &#8220;User&#8221;) and implies the acceptance of all the conditions included in this Legal Notice as well as its modifications. <\/span><span title=\"La prestaci\u00f3n del servicio del Sitio Web tiene una duraci\u00f3n limitada al momento en el que el Usuario se encuentre conectado al Sitio Web o a alguno de los servicios que a trav\u00e9s del mismo se facilitan.\">The provision of the Website service has a limited duration at the time when the User is connected to the Website or any of the services provided through it. <\/span><span title=\"Por tanto, el Usuario debe leer atentamente el presente Aviso Legal en cada una de las ocasiones en que se proponga utilizar el Sitio Web, ya que \u00e9ste y sus condiciones de uso recogidas en el presente Aviso Legal pueden sufrir modificaciones.  \u00a0\">Therefore, the User must carefully read this Legal Notice in each of the occasions in which he \/ she intends to use the Website, as this and its conditions of use contained in this Legal Notice may be modified.<\/p>\n<p>\u00a0<br \/><\/span><span title=\"3.- ACCESO Y UTILIZACI\u00d3N DE LA WEB.\"><strong>3.- ACCESS AND USE OF THE WEB.<\/strong><\/p>\n<p><\/span><span title=\"3.1.- Car\u00e1cter gratuito del acceso y utilizaci\u00f3n de la web.\">3.1.- Free access and use of the web. <\/span><span title=\"El acceso a la web tiene car\u00e1cter gratuito para los usuarios de la misma, salvo en lo relativo al coste de la conexi\u00f3n a trav\u00e9s de la red de telecomunicaciones suministrada por el proveedor de acceso contratado por los usuarios.\">Access to the web is free for users of the same, except for the cost of the connection through the telecommunications network provided by the access provider hired by users.<\/p>\n<p><\/span><span title=\"3.2.- Registro de usuarios.\">3.2.- User registration. <\/span><span title=\"Con car\u00e1cter general el acceso y utilizaci\u00f3n de la web no exige la previa suscripci\u00f3n o registro de los usuarios de la misma.\">In general, the access and use of the website does not require the prior subscription or registration of the users of the same.<\/p>\n<p><\/span><span title=\"3.3.- Los usuarios garantizan y responden, en cualquier caso, de la exactitud, vigencia y autenticidad de los datos personales facilitados, y se comprometen a mantenerlos debidamente actualizados.\">3.3.- Users guarantee and respond, in any case, the accuracy, validity and authenticity of the personal data provided, and undertake to keep them properly updated. <\/span><span title=\"El usuario acepta proporcionar informaci\u00f3n completa y correcta en el formulario de contacto o suscripci\u00f3n.  \u00a0\">The user agrees to provide complete and correct information in the contact or subscription form.<\/p>\n<p>\u00a0<\/p>\n<p><\/span><span title=\"En el caso de los menores de trece a\u00f1os se requiere el consentimiento de los padres o tutores para el tratamiento de sus datos personales.\">In the case of children under the age of thirteen, the consent of the parents or guardians is required for the processing of their personal data.<\/p>\n<p><\/span><span title=\"En ning\u00fan caso se recabar\u00e1n del menor de edad datos relativos a la situaci\u00f3n profesional, econ\u00f3mica o a la intimidad de los otros miembros de la familia, sin el consentimiento de \u00e9stos.\">In no case shall data be collected from the minor regarding the professional, economic situation or the privacy of the other members of the family, without the consent of the latter. <\/span><span title=\"Si eres menor de trece a\u00f1os y has accedido a este sitio web sin avisar a tus padres no debes registrarte como usuario.\">If you are under the age of thirteen and have accessed this website without notifying your parents, you must not register as a user.<\/p>\n<p><\/span><span title=\"En esta web se respetan y cuidan los datos personales de los usuarios.\">On this website, the personal data of the users are respected and taken care of. <\/span><span title=\"Como usuario debes saber que tus derechos est\u00e1n garantizados.\">As a user you should know that your rights are guaranteed.<\/p>\n<p><\/span><span title=\"4.- CONTENIDOS DE LA WEB.\"><strong>4.- CONTENTS OF THE WEB.<\/strong><\/p>\n<p><\/span><span title=\"El idioma utilizado por el titular en la web ser\u00e1 el castellano.\">The language used by the owner on the website will be Spanish. <\/span><span title=\"JOS\u00c9 BERNAD SL no se responsabiliza de la no comprensi\u00f3n o entendimiento del idioma de la web por el usuario, ni de sus consecuencias.\">JOS\u00c9 BERNAD SL is not responsible for the user&#8217;s lack of understanding or understanding of the language of the web, or its consequences.<\/p>\n<p><\/span><span title=\"JOS\u00c9 BERNAD SLpodr\u00e1 modificar los contenidos sin previo aviso, as\u00ed como suprimir y cambiar \u00e9stos dentro de la web, como la forma en que se accede a \u00e9stos, sin justificaci\u00f3n alguna y libremente, no responsabiliz\u00e1ndose de las consecuencias que los mismos puedan ocasionar a los usuarios\">JOS\u00c9 BERNAD SL may modify the contents without prior notice, as well as delete and change these within the web, such as the way in which they are accessed, without any justification and freely, not being responsible for the consequences that they may cause to users. <\/span><span title=\".\">.<\/p>\n<p><\/span><span title=\"Se proh\u00edbe el uso de los contenidos de la web para promocionar, contratar o divulgar publicidad o informaci\u00f3n propia o de terceras personas sin la autorizaci\u00f3n de JOS\u00c9 BERNAD SL, ni remitir publicidad o informaci\u00f3n vali\u00e9ndose para ello de los servicios o informaci\u00f3n que se ponen a disposici\u00f3n\">It is prohibited to use the contents of the website to promote, contract or disseminate advertising or information of their own or of third parties without the authorization of JOS\u00c9 BERNAD SL, nor send advertising or information using the services or information made available <\/span><span title=\"de los usuarios, independientemente de si la utilizaci\u00f3n es gratuita o no.\">of users, regardless of whether the use is free or not.<\/span><\/span><\/p>\n<p><span lang=\"en\" xml:lang=\"en\"><span lang=\"en\" xml:lang=\"en\"><span title=\"Los enlaces o hiperenlaces que incorporen terceros en sus p\u00e1ginas web, dirigidos a esta web, ser\u00e1n para la apertura de la p\u00e1gina web completa, no pudiendo manifestar, directa o indirectamente, indicaciones falsas, inexactas o confusas, ni incurrir en acciones desleales o il\u00edcitas en\">The links or hyperlinks that incorporate third parties in their web pages, directed to this website, will be for the opening of the complete web page, not being able to manifest, directly or indirectly, false, inaccurate or confusing indications, nor incur in unfair or illicit actions in <\/span><span title=\"contra de JOS\u00c9 BERNAD SL\">against of JOS\u00c9 BERNAD SL<\/p>\n<p><\/span><span title=\"5.- MEDIDAS DE SEGURIDAD\"><strong>5.- SECURITY MEASURES<\/strong><\/p>\n<p><\/span><span title=\"Los datos personales comunicados por el usuario podr\u00e1n ser almacenados en bases de datos automatizadas o no, cuya titularidad corresponde en exclusiva a JOS\u00c9 BERNAD SL, asumiendo todas las medidas de \u00edndole t\u00e9cnica, organizativa y de seguridad que garanticen la confidencialidad, integridad y calidad de la\">The personal data communicated by the user may be stored in automated databases or not, whose ownership corresponds exclusively to JOS\u00c9 BERNAD SL, assuming all technical, organizational and security measures that guarantee the confidentiality, integrity and quality of the <\/span><span title=\"informaci\u00f3n contenida en las mismas de acuerdo con lo establecido en las normativas vigentes en materia de protecci\u00f3n de datos de car\u00e1cter personal.  \u00a0\">information contained therein in accordance with the provisions of the regulations in force regarding the protection of personal data.<\/p>\n<p>\u00a0<br \/><\/span><span title=\"6.- LIMITACI\u00d3N DE RESPONSABILIDAD.\"><strong>6.- LIMITATION OF LIABILITY.<\/strong><\/p>\n<p><\/span><span title=\"Tanto el acceso a la web como el uso no consentido que pueda efectuarse de la informaci\u00f3n contenida en la misma es de la exclusiva responsabilidad de quien lo realiza.\">Both the access to the website and the non-consensual use that may be made of the information contained therein is the exclusive responsibility of the person who carries it out. <\/span><span title=\"JOS\u00c9 BERNAD SL no responder\u00e1 de ninguna consecuencia, da\u00f1o o perjuicio que pudieran derivarse de dicho acceso o uso.\">JOS\u00c9 BERNAD SL will not be responsible for any consequence, damage or harm that may arise from such access or use. <\/span><span title=\"JOS\u00c9 BERNAD SL no se hace responsable de los errores de seguridad, que se puedan producir ni de los da\u00f1os que puedan causarse al sistema inform\u00e1tico del usuario (hardware y software), o a los ficheros o documentos almacenados en el mismo, como consecuencia de:  \u00a0\">JOS\u00c9 BERNAD SL is not responsible for security errors that may occur or for any damage that may be caused to the user&#8217;s computer system (hardware and software), or to the files or documents stored in it, as a result of:<\/p>\n<p>\u00a0<\/p>\n<p><\/span><span title=\"- la presencia de un virus en el ordenador del usuario que sea utilizado para la conexi\u00f3n a los servicios y contenidos de la web.\">&#8211; the presence of a virus in the user&#8217;s computer that is used for the connection to the services and contents of the web.<\/p>\n<p><\/span><span title=\"- un mal funcionamiento del navegador.\">&#8211; a bad functioning of the browser.<\/p>\n<p><\/span><span title=\"- y\/o del uso de versiones no actualizadas del mismo.\">&#8211; and \/ or the use of non-updated versions thereof.<\/p>\n<p><\/span><span title=\"JOS\u00c9 BERNAD SL no se hace responsable de la fiabilidad y rapidez de los hiperenlaces que se incorporen en la web para la apertura de otras.\">JOS\u00c9 BERNAD SL is not responsible for the reliability and speed of the hyperlinks that are incorporated into the web for the opening of others. <\/span><span title=\"JOS\u00c9 BERNAD SL no garantiza la utilidad de estos enlaces, ni se responsabiliza de los contenidos o servicios a los que pueda acceder el usuario por medio de estos enlaces, ni del buen funcionamiento de estas webs.\">JOS\u00c9 BERNAD SL does not guarantee the usefulness of these links, nor is responsible for the contents or services to which the user can access through these links, or the proper functioning of these websites.<\/p>\n<p><\/span><span title=\"JOS\u00c9 BERNAD SL no ser\u00e1 responsable de los virus o dem\u00e1s programas inform\u00e1ticos que deterioren o puedan deteriorar los sistemas o equipos inform\u00e1ticos de los usuarios al acceder a su web u otras webs a las que se haya accedido mediante enlaces de esta web.\">JOS\u00c9 BERNAD SL will not be responsible for viruses or other computer programs that deteriorate or may deteriorate the computer systems or equipment of users when accessing its website or other websites that have been accessed through links on this website.<\/p>\n<p><\/span><span title=\"7.- EMPLEO DE LA TECNOLOG\u00cdA \u201cCOOKIE\u201d.\"><strong>7.- USE OF THE &#8220;COOKIE&#8221; TECHNOLOGY.<\/strong><\/p>\n<p><\/span><span title=\"El Sitio Web puede emplear cookies o tecnolog\u00edas similares que se regir\u00e1n por lo establecido en la Pol\u00edtica de Cookies, accesible en todo momento y respetando la confidencialidad e intimidad del usuario, siendo parte integrante del presente Aviso Legal.\">The Website may use cookies or similar technologies that will be governed by the provisions of the Cookies Policy, accessible at all times and respecting the confidentiality and privacy of the user, being an integral part of this Legal Notice.<\/p>\n<p><\/span><span title=\"8.- NAVEGACI\u00d3N\"><strong>8.- NAVIGATION<\/strong><\/p>\n<p><\/span><span title=\"Los servidores de Internet pueden recoger datos no identificables, que puedan incluir, direcciones IP, y otros datos que no pueden ser utilizados para identificar al usuario.\">Internet servers may collect non-identifiable data, which may include IP addresses, and other data that can not be used to identify the user. <\/span><span title=\"Su direcci\u00f3n IP se almacenar\u00e1 en los logs de acceso de forma autom\u00e1tica y con la \u00fanica finalidad de permitir el tr\u00e1nsito por Internet, siendo necesario que su equipo facilite esta direcci\u00f3n IP cuando navega por Internet para que las comunicaciones puedan realizarse.\">Your IP address will be stored in the access logs automatically and with the sole purpose of allowing Internet traffic, being necessary for your computer to provide this IP address when you browse the Internet so that communications can be made. <\/span><span title=\"As\u00ed mismo, la direcci\u00f3n IP podr\u00e1 ser utilizada para realizar estad\u00edsticas sobre el n\u00famero de visitantes de esta web y su procedencia, de forma totalmente transparente a su navegaci\u00f3n.\">Likewise, the IP address can be used to make statistics on the number of visitors to this website and its origin, in a completely transparent way to your browsing.<\/p>\n<p><\/span><span title=\"9.- PROPIEDAD INTELECTUAL E INDUSTRIAL.\"><strong>9.- INTELLECTUAL AND INDUSTRIAL PROPERTY.<\/strong><\/p>\n<p><\/span><span title=\"El usuario conoce y acepta que todos los contenidos y\/o cualesquiera otros elementos del sitio web son propiedad de JOS\u00c9 BERNAD SL, y se compromete a respetar los derechos de propiedad intelectual e industrial titularidad de JOS\u00c9 BERNAD SL y\/o de terceros.\">The user knows and accepts that all the contents and \/ or any other elements of the website are the property of JOS\u00c9 BERNAD SL, and undertakes to respect the intellectual and industrial property rights owned by JOS\u00c9 BERNAD SL and \/ or third parties. <\/span><span title=\"Cualquier uso de la web o sus contenidos deber\u00e1 tener un car\u00e1cter exclusivamente particular\">Any use of the web or its contents must have an exclusively particular character<\/p>\n<p><\/span><span title=\"Est\u00e1 reservado exclusivamente a JOS\u00c9 BERNAD SL, cualquier otro uso que suponga la copia, reproducci\u00f3n, distribuci\u00f3n, transformaci\u00f3n, comunicaci\u00f3n p\u00fablica o cualquier otra acci\u00f3n similar, de todo o parte de los contenidos de la web, por lo que ning\u00fan usuario podr\u00e1 llevar a cabo\">It is reserved exclusively to JOS\u00c9 BERNAD SL, any other use that supposes the copy, reproduction, distribution, transformation, public communication or any other similar action, of all or part of the contents of the web, for which no user can carry out <\/span><span title=\"estas acciones sin la autorizaci\u00f3n previa y por escrito de JOS\u00c9 BERNAD SL.\">these actions without the prior written authorization of JOS\u00c9 BERNAD SL.<\/p>\n<p><\/span><span title=\"10.- LEGISLACI\u00d3N APLICABLE Y JURISDICCI\u00d3N COMPETENTE.\"><strong>10.- APPLICABLE LEGISLATION AND COMPETENT JURISDICTION.<\/strong><\/p>\n<p><\/span><span title=\"El presente Aviso Legal se interpretar\u00e1 y regir\u00e1 de conformidad con la legislaci\u00f3n espa\u00f1ola.\">This Legal Notice will be interpreted and governed in accordance with Spanish legislation. <\/span><span title=\"JOS\u00c9 BERNAD SL y los usuarios, con renuncia expresa a cualquier otro fuero que pudiera corresponderles, se someten al de los juzgados y tribunales del domicilio del usuario para cualquier controversia que pudiera derivarse del acceso o uso de la web.\">JOS\u00c9 BERNAD SL and the users, expressly waiving any other jurisdiction that may correspond to them, submit themselves to the courts and tribunals of the user&#8217;s domicile for any dispute that may arise from accessing or using the website. <\/span><span title=\"En el caso de que el usuario tenga su domicilio fuera de Espa\u00f1a, JOS\u00c9 BERNAD SL y el usuario, se someten, con renuncia expresa a cualquier otro fuero, a los juzgados y tribunales del domicilio de Albacete.\">In the event that the user is domiciled outside of Spain, JOS\u00c9 BERNAD SL and the user, submit, expressly waiving any other jurisdiction, to the courts of the domicile of Albacete.<\/span><\/span><\/span><\/p><\/p>\n","protected":false},"excerpt":{"rendered":"<p>LEGAL NOTICE In this Legal Notice, the User can find all the information related to the legal conditions that define the relationships between the users and the person in  [&#8230;]<\/p>\n","protected":false},"author":1,"featured_media":0,"comment_status":"closed","ping_status":"open","sticky":false,"template":"","format":"standard","meta":{"_joinchat":[],"footnotes":""},"categories":[1,3],"tags":[2523,2522],"class_list":["post-228733","post","type-post","status-publish","format-standard","hentry","category-sin-categorizar","category-uncategorized","tag-legal-conditions","tag-terms"],"yoast_head":"<!-- This site is optimized with the Yoast SEO plugin v27.3 - https:\/\/yoast.com\/product\/yoast-seo-wordpress\/ -->\n<title>Legal Notice - Tienda Jose Bernad | Equipamiento Industria Alimentaria<\/title>\n<meta name=\"robots\" content=\"noindex, follow\" \/>\n<meta property=\"og:locale\" content=\"en_US\" \/>\n<meta property=\"og:type\" content=\"article\" \/>\n<meta property=\"og:title\" content=\"Legal Notice - Tienda Jose Bernad | Equipamiento Industria Alimentaria\" \/>\n<meta property=\"og:description\" content=\"LEGAL NOTICE In this Legal Notice, the User can find all the information related to the legal conditions that define the relationships between the users and the person in [...]\" \/>\n<meta property=\"og:url\" content=\"https:\/\/www.tiendabernad.com\/legal-notice-2\/\" \/>\n<meta property=\"og:site_name\" content=\"Tienda Jose Bernad | Equipamiento Industria Alimentaria\" \/>\n<meta property=\"article:published_time\" content=\"2014-04-23T18:33:18+00:00\" \/>\n<meta name=\"author\" content=\"nuteco\" \/>\n<meta name=\"twitter:card\" content=\"summary_large_image\" \/>\n<meta name=\"twitter:label1\" content=\"Written by\" \/>\n\t<meta name=\"twitter:data1\" content=\"nuteco\" \/>\n\t<meta name=\"twitter:label2\" content=\"Est. reading time\" \/>\n\t<meta name=\"twitter:data2\" content=\"7 minutes\" \/>\n<script type=\"application\/ld+json\" class=\"yoast-schema-graph\">{\"@context\":\"https:\\\/\\\/schema.org\",\"@graph\":[{\"@type\":\"Article\",\"@id\":\"https:\\\/\\\/www.tiendabernad.com\\\/legal-notice-2\\\/#article\",\"isPartOf\":{\"@id\":\"https:\\\/\\\/www.tiendabernad.com\\\/legal-notice-2\\\/\"},\"author\":{\"name\":\"nuteco\",\"@id\":\"https:\\\/\\\/www.tiendabernad.com\\\/#\\\/schema\\\/person\\\/3ffe2f1150653ad41507bfe82cea00ba\"},\"headline\":\"Legal Notice\",\"datePublished\":\"2014-04-23T18:33:18+00:00\",\"mainEntityOfPage\":{\"@id\":\"https:\\\/\\\/www.tiendabernad.com\\\/legal-notice-2\\\/\"},\"wordCount\":1452,\"keywords\":[\"legal conditions\",\"terms\"],\"articleSection\":[\"Sin categorizar\"],\"inLanguage\":\"en-US\"},{\"@type\":\"WebPage\",\"@id\":\"https:\\\/\\\/www.tiendabernad.com\\\/legal-notice-2\\\/\",\"url\":\"https:\\\/\\\/www.tiendabernad.com\\\/legal-notice-2\\\/\",\"name\":\"Legal Notice - Tienda Jose Bernad | Equipamiento Industria Alimentaria\",\"isPartOf\":{\"@id\":\"https:\\\/\\\/www.tiendabernad.com\\\/#website\"},\"datePublished\":\"2014-04-23T18:33:18+00:00\",\"author\":{\"@id\":\"https:\\\/\\\/www.tiendabernad.com\\\/#\\\/schema\\\/person\\\/3ffe2f1150653ad41507bfe82cea00ba\"},\"breadcrumb\":{\"@id\":\"https:\\\/\\\/www.tiendabernad.com\\\/legal-notice-2\\\/#breadcrumb\"},\"inLanguage\":\"en-US\",\"potentialAction\":[{\"@type\":\"ReadAction\",\"target\":[\"https:\\\/\\\/www.tiendabernad.com\\\/legal-notice-2\\\/\"]}]},{\"@type\":\"BreadcrumbList\",\"@id\":\"https:\\\/\\\/www.tiendabernad.com\\\/legal-notice-2\\\/#breadcrumb\",\"itemListElement\":[{\"@type\":\"ListItem\",\"position\":1,\"name\":\"Portada\",\"item\":\"https:\\\/\\\/www.tiendabernad.com\\\/home\\\/\"},{\"@type\":\"ListItem\",\"position\":2,\"name\":\"Legal Notice\"}]},{\"@type\":\"WebSite\",\"@id\":\"https:\\\/\\\/www.tiendabernad.com\\\/#website\",\"url\":\"https:\\\/\\\/www.tiendabernad.com\\\/\",\"name\":\"Tienda Jose Bernad | Equipamiento Industria Alimentaria\",\"description\":\"Empresa especializada en el suministro de maquinaria para la industria alimentaria y hosteler\u00eda\",\"potentialAction\":[{\"@type\":\"SearchAction\",\"target\":{\"@type\":\"EntryPoint\",\"urlTemplate\":\"https:\\\/\\\/www.tiendabernad.com\\\/?s={search_term_string}\"},\"query-input\":{\"@type\":\"PropertyValueSpecification\",\"valueRequired\":true,\"valueName\":\"search_term_string\"}}],\"inLanguage\":\"en-US\"},{\"@type\":\"Person\",\"@id\":\"https:\\\/\\\/www.tiendabernad.com\\\/#\\\/schema\\\/person\\\/3ffe2f1150653ad41507bfe82cea00ba\",\"name\":\"nuteco\",\"url\":\"https:\\\/\\\/www.tiendabernad.com\\\/en\\\/author\\\/nuteco\\\/\"}]}<\/script>\n<!-- \/ Yoast SEO plugin. -->","yoast_head_json":{"title":"Legal Notice - Tienda Jose Bernad | Equipamiento Industria Alimentaria","robots":{"index":"noindex","follow":"follow"},"og_locale":"en_US","og_type":"article","og_title":"Legal Notice - Tienda Jose Bernad | Equipamiento Industria Alimentaria","og_description":"LEGAL NOTICE In this Legal Notice, the User can find all the information related to the legal conditions that define the relationships between the users and the person in [...]","og_url":"https:\/\/www.tiendabernad.com\/legal-notice-2\/","og_site_name":"Tienda Jose Bernad | Equipamiento Industria Alimentaria","article_published_time":"2014-04-23T18:33:18+00:00","author":"nuteco","twitter_card":"summary_large_image","twitter_misc":{"Written by":"nuteco","Est. reading time":"7 minutes"},"schema":{"@context":"https:\/\/schema.org","@graph":[{"@type":"Article","@id":"https:\/\/www.tiendabernad.com\/legal-notice-2\/#article","isPartOf":{"@id":"https:\/\/www.tiendabernad.com\/legal-notice-2\/"},"author":{"name":"nuteco","@id":"https:\/\/www.tiendabernad.com\/#\/schema\/person\/3ffe2f1150653ad41507bfe82cea00ba"},"headline":"Legal Notice","datePublished":"2014-04-23T18:33:18+00:00","mainEntityOfPage":{"@id":"https:\/\/www.tiendabernad.com\/legal-notice-2\/"},"wordCount":1452,"keywords":["legal conditions","terms"],"articleSection":["Sin categorizar"],"inLanguage":"en-US"},{"@type":"WebPage","@id":"https:\/\/www.tiendabernad.com\/legal-notice-2\/","url":"https:\/\/www.tiendabernad.com\/legal-notice-2\/","name":"Legal Notice - Tienda Jose Bernad | Equipamiento Industria Alimentaria","isPartOf":{"@id":"https:\/\/www.tiendabernad.com\/#website"},"datePublished":"2014-04-23T18:33:18+00:00","author":{"@id":"https:\/\/www.tiendabernad.com\/#\/schema\/person\/3ffe2f1150653ad41507bfe82cea00ba"},"breadcrumb":{"@id":"https:\/\/www.tiendabernad.com\/legal-notice-2\/#breadcrumb"},"inLanguage":"en-US","potentialAction":[{"@type":"ReadAction","target":["https:\/\/www.tiendabernad.com\/legal-notice-2\/"]}]},{"@type":"BreadcrumbList","@id":"https:\/\/www.tiendabernad.com\/legal-notice-2\/#breadcrumb","itemListElement":[{"@type":"ListItem","position":1,"name":"Portada","item":"https:\/\/www.tiendabernad.com\/home\/"},{"@type":"ListItem","position":2,"name":"Legal Notice"}]},{"@type":"WebSite","@id":"https:\/\/www.tiendabernad.com\/#website","url":"https:\/\/www.tiendabernad.com\/","name":"Tienda Jose Bernad | Equipamiento Industria Alimentaria","description":"Empresa especializada en el suministro de maquinaria para la industria alimentaria y hosteler\u00eda","potentialAction":[{"@type":"SearchAction","target":{"@type":"EntryPoint","urlTemplate":"https:\/\/www.tiendabernad.com\/?s={search_term_string}"},"query-input":{"@type":"PropertyValueSpecification","valueRequired":true,"valueName":"search_term_string"}}],"inLanguage":"en-US"},{"@type":"Person","@id":"https:\/\/www.tiendabernad.com\/#\/schema\/person\/3ffe2f1150653ad41507bfe82cea00ba","name":"nuteco","url":"https:\/\/www.tiendabernad.com\/en\/author\/nuteco\/"}]}},"_links":{"self":[{"href":"https:\/\/www.tiendabernad.com\/en\/wp-json\/wp\/v2\/posts\/228733","targetHints":{"allow":["GET"]}}],"collection":[{"href":"https:\/\/www.tiendabernad.com\/en\/wp-json\/wp\/v2\/posts"}],"about":[{"href":"https:\/\/www.tiendabernad.com\/en\/wp-json\/wp\/v2\/types\/post"}],"author":[{"embeddable":true,"href":"https:\/\/www.tiendabernad.com\/en\/wp-json\/wp\/v2\/users\/1"}],"replies":[{"embeddable":true,"href":"https:\/\/www.tiendabernad.com\/en\/wp-json\/wp\/v2\/comments?post=228733"}],"version-history":[{"count":0,"href":"https:\/\/www.tiendabernad.com\/en\/wp-json\/wp\/v2\/posts\/228733\/revisions"}],"wp:attachment":[{"href":"https:\/\/www.tiendabernad.com\/en\/wp-json\/wp\/v2\/media?parent=228733"}],"wp:term":[{"taxonomy":"category","embeddable":true,"href":"https:\/\/www.tiendabernad.com\/en\/wp-json\/wp\/v2\/categories?post=228733"},{"taxonomy":"post_tag","embeddable":true,"href":"https:\/\/www.tiendabernad.com\/en\/wp-json\/wp\/v2\/tags?post=228733"}],"curies":[{"name":"wp","href":"https:\/\/api.w.org\/{rel}","templated":true}]}}